 {"id":3961,"date":"2021-12-09T15:48:24","date_gmt":"2021-12-09T15:48:24","guid":{"rendered":"http:\/\/dionisio.pt\/tramagal-fabrica-da-mitsubishi-inicia-producao-da-nova-fuso-canter\/"},"modified":"2021-12-13T15:01:03","modified_gmt":"2021-12-13T15:01:03","slug":"tramagal-fabrica-da-mitsubishi-inicia-producao-da-nova-fuso-canter","status":"publish","type":"post","link":"https:\/\/dionisio.pt\/es\/tramagal-fabrica-da-mitsubishi-inicia-producao-da-nova-fuso-canter\/","title":{"rendered":"TRAMAGAL | INICIA LA PRODUCCI\u00d3N DEL NUEVO FUSO CANTER"},"content":{"rendered":"<p>[vc_row][vc_column][vc_column_text]<\/p>\n<p id=\"tw-target-text\" class=\"tw-data-text tw-text-large tw-ta\" dir=\"ltr\" data-placeholder=\"Tradu\u00e7\u00e3o\"><span class=\"Y2IQFc\" lang=\"es\">La f\u00e1brica de Mitsubishi Fuso en Portugal, ubicada en Tramagal (Abrantes) y el centro de producci\u00f3n para Europa, fue elegida para producir el nuevo modelo del cami\u00f3n Fuso Canter, anunci\u00f3 Daimler Trucks, y la multinacional dijo que la producci\u00f3n del nuevo veh\u00edculo comenz\u00f3 en 2 de diciembre.<\/span><\/p>\n<p class=\"tw-data-text tw-text-large tw-ta\" dir=\"ltr\" data-placeholder=\"Tradu\u00e7\u00e3o\"><span class=\"Y2IQFc\" lang=\"es\">\u201cEl inicio de la producci\u00f3n es un momento de orgullo para todos nosotros aqu\u00ed en la planta europea de FUSO en Tramagal. Desde 1980, hemos producido casi 240.000 camiones FUSO. Ahora el nuevo FUSO Canter se une a este legado, cumpliendo con los est\u00e1ndares de calidad de FUSO y Daimler Truck \u201d, dijo Jorge Rosa, presidente y director ejecutivo de Mitsubishi FUSO Truck Europe (MFTE), citado en el comunicado de prensa de Daimler Trucks.<\/span><\/p>\n<p class=\"tw-data-text tw-text-large tw-ta\" dir=\"ltr\" data-placeholder=\"Tradu\u00e7\u00e3o\"><span class=\"Y2IQFc\" lang=\"es\">El Director de Ventas, Marketing y Servicio al Cliente de FUSO Europa, citado en la nota, afirma que \u201cel FUSO Canter ha sido un \u00e9xito de ventas internacional en el segmento de camiones ligeros durante muchas d\u00e9cadas debido a su di\u00e1metro de giro l\u00edder en su clase. versatilidad \u201d, se\u00f1alando que\u201c desde su lanzamiento al mercado en 1963, se han producido m\u00e1s de 4,5 millones de FUSO Canters en todo el mundo \u201d.<\/span><\/p>\n<p class=\"tw-data-text tw-text-large tw-ta\" dir=\"ltr\" data-placeholder=\"Tradu\u00e7\u00e3o\"><span class=\"Y2IQFc\" lang=\"es\">\u201cCon este inicio de producci\u00f3n, marcado hoy, queremos ofrecer a nuestros clientes europeos una mejora en seguridad, comodidad y un nuevo dise\u00f1o de cabina moderno\u201d, agreg\u00f3 Philipp Panter, en la nota informativa del 2 de diciembre.<\/span><\/p>\n<p class=\"tw-data-text tw-text-large tw-ta\" dir=\"ltr\" data-placeholder=\"Tradu\u00e7\u00e3o\"><span class=\"Y2IQFc\" lang=\"es\">El FUSO Canter, fabricado en Tramagal, fue desarrollado en Jap\u00f3n y cuenta con componentes de m\u00e1s de 90 proveedores europeos, como el motor, componentes del eje, amortiguadores, frenos, neum\u00e1ticos, luces y faros, as\u00ed como los asientos y paneles interiores.<\/span><\/p>\n<p class=\"tw-data-text tw-text-large tw-ta\" dir=\"ltr\" data-placeholder=\"Tradu\u00e7\u00e3o\"><span class=\"Y2IQFc\" lang=\"es\">Desde Jap\u00f3n llegan piezas para la cabina, o el volante, el sistema de calefacci\u00f3n y aire acondicionado, as\u00ed como la innovadora transmisi\u00f3n Duonic.<\/span><\/p>\n<p class=\"tw-data-text tw-text-large tw-ta\" dir=\"ltr\" data-placeholder=\"Tradu\u00e7\u00e3o\"><span class=\"Y2IQFc\" lang=\"es\">A 150 km de Lisboa, la f\u00e1brica de Tramagal tambi\u00e9n produce la hermana el\u00e9ctrica de FUSO Canter, FUSO eCanter. <\/span>La f\u00e1brica de FUSO en Portugal, ubicada en Tramagal y centro de producci\u00f3n para Europa, anunci\u00f3 en junio de este a\u00f1o que alcanzar\u00e1 la neutralidad de carbono en la producci\u00f3n de camiones en 2022.<\/p>\n<p id=\"tw-target-text\" class=\"tw-data-text tw-text-large tw-ta\" dir=\"ltr\" data-placeholder=\"Tradu\u00e7\u00e3o\"><span class=\"Y2IQFc\" lang=\"es\">En 2019, Daimler Truck AG, el grupo al que pertenece la marca FUSO, anunci\u00f3 que toda su infraestructura de producci\u00f3n europea pasar\u00eda a ser neutra en CO\u2082 en 2022. En l\u00ednea con este objetivo, la planta de Tramagal adopt\u00f3 una producci\u00f3n respetuosa con el medio ambiente al reducir el consumo de energ\u00eda, proporcionando energ\u00eda y producci\u00f3n local de energ\u00eda a trav\u00e9s de paneles solares.<\/span><\/p>\n<p class=\"tw-data-text tw-text-large tw-ta\" dir=\"ltr\" data-placeholder=\"Tradu\u00e7\u00e3o\"><span class=\"Y2IQFc\" lang=\"es\">En la ocasi\u00f3n, Jorge Rosa, director de la planta de FUSO en Tramagal, dijo que \u201cla movilidad neutra en CO\u2082 solo se puede lograr si la producci\u00f3n de veh\u00edculos tambi\u00e9n es verde. En Tramagal, nuestro compromiso comienza desde la forma en que se producen. La producci\u00f3n neutra en carbono deja una huella m\u00e1s peque\u00f1a y queremos ser pioneros en el proceso de descarbonizaci\u00f3n, tanto en producto como en producci\u00f3n \u201d.<\/span><\/p>\n<p class=\"tw-data-text tw-text-large tw-ta\" dir=\"ltr\" data-placeholder=\"Tradu\u00e7\u00e3o\"><span class=\"Y2IQFc\" lang=\"es\">Tramagal produce el cami\u00f3n FUSO eCanter 100% el\u00e9ctrico desde 2017. \u201cLa sostenibilidad es parte de nuestra estrategia y es algo en lo que creemos. Nuestro futuro es el\u00e9ctrico, carbono neutral y basado en energ\u00edas renovables \u201d, recalc\u00f3 el directivo.<\/span><\/p>\n<p>[\/vc_column_text][\/vc_column][\/vc_row][vc_row][vc_column][vc_single_image image=\u00bb3734&#8243; img_size=\u00bblarge\u00bb][\/vc_column][\/vc_row]<\/p>\n","protected":false},"excerpt":{"rendered":"<p>La f\u00e1brica de Mitsubishi Fuso en Portugal, ubicada en Tramagal (Abrantes) y el centro de producci\u00f3n para Europa, fue elegida para producir el nuevo modelo del cami\u00f3n Fuso Canter&#8230;<\/p>\n","protected":false},"author":2,"featured_media":3738,"comment_status":"closed","ping_status":"closed","sticky":false,"template":"","format":"standard","meta":{"_vp_format_video_url":"","_vp_image_focal_point":[],"footnotes":""},"categories":[4],"tags":[],"class_list":["post-3961","post","type-post","status-publish","format-standard","has-post-thumbnail","hentry","category-sin-categorizar"],"yoast_head":"<!-- This site is optimized with the Yoast SEO plugin v19.2 - https:\/\/yoast.com\/wordpress\/plugins\/seo\/ -->\n<title>TRAMAGAL | INICIA LA PRODUCCI\u00d3N DEL NUEVO FUSO CANTER - Dion\u00edsio Carreiro de Almeida, Lda<\/title>\n<meta name=\"robots\" content=\"index, follow, max-snippet:-1, max-image-preview:large, max-video-preview:-1\" \/>\n<link rel=\"canonical\" href=\"https:\/\/dionisio.pt\/es\/tramagal-fabrica-da-mitsubishi-inicia-producao-da-nova-fuso-canter\/\" \/>\n<meta property=\"og:locale\" content=\"es_ES\" \/>\n<meta property=\"og:type\" content=\"article\" \/>\n<meta property=\"og:title\" content=\"TRAMAGAL | INICIA LA PRODUCCI\u00d3N DEL NUEVO FUSO CANTER - Dion\u00edsio Carreiro de Almeida, Lda\" \/>\n<meta property=\"og:description\" content=\"La f\u00e1brica de Mitsubishi Fuso en Portugal, ubicada en Tramagal (Abrantes) y el centro de producci\u00f3n para Europa, fue elegida para producir el nuevo modelo del cami\u00f3n Fuso Canter...\" \/>\n<meta property=\"og:url\" content=\"https:\/\/dionisio.pt\/es\/tramagal-fabrica-da-mitsubishi-inicia-producao-da-nova-fuso-canter\/\" \/>\n<meta property=\"og:site_name\" content=\"Dion\u00edsio Carreiro de Almeida, Lda\" \/>\n<meta property=\"article:published_time\" content=\"2021-12-09T15:48:24+00:00\" \/>\n<meta property=\"article:modified_time\" content=\"2021-12-13T15:01:03+00:00\" \/>\n<meta property=\"og:image\" content=\"https:\/\/dionisio.pt\/wp-content\/uploads\/2021\/12\/fuso.jpg\" \/>\n\t<meta property=\"og:image:width\" content=\"747\" \/>\n\t<meta property=\"og:image:height\" content=\"498\" \/>\n\t<meta property=\"og:image:type\" content=\"image\/jpeg\" \/>\n<meta name=\"author\" content=\"Marketing\" \/>\n<meta name=\"twitter:card\" content=\"summary_large_image\" \/>\n<meta name=\"twitter:label1\" content=\"Escrito por\" \/>\n\t<meta name=\"twitter:data1\" content=\"Marketing\" \/>\n\t<meta name=\"twitter:label2\" content=\"Tiempo de lectura\" \/>\n\t<meta name=\"twitter:data2\" content=\"3 minutos\" \/>\n<script type=\"application\/ld+json\" class=\"yoast-schema-graph\">{\"@context\":\"https:\/\/schema.org\",\"@graph\":[{\"@type\":\"WebSite\",\"@id\":\"https:\/\/dionisio.pt\/#website\",\"url\":\"https:\/\/dionisio.pt\/\",\"name\":\"Dion\u00edsio Carreiro de Almeida, Lda\",\"description\":\"Com\u00e9rcio de viaturas novas e usadas em S\u00e3o Miguel, A\u00e7ores\",\"potentialAction\":[{\"@type\":\"SearchAction\",\"target\":{\"@type\":\"EntryPoint\",\"urlTemplate\":\"https:\/\/dionisio.pt\/?s={search_term_string}\"},\"query-input\":\"required name=search_term_string\"}],\"inLanguage\":\"es\"},{\"@type\":\"ImageObject\",\"inLanguage\":\"es\",\"@id\":\"https:\/\/dionisio.pt\/es\/tramagal-fabrica-da-mitsubishi-inicia-producao-da-nova-fuso-canter\/#primaryimage\",\"url\":\"https:\/\/dionisio.pt\/wp-content\/uploads\/2021\/12\/fuso.jpg\",\"contentUrl\":\"https:\/\/dionisio.pt\/wp-content\/uploads\/2021\/12\/fuso.jpg\",\"width\":747,\"height\":498},{\"@type\":\"WebPage\",\"@id\":\"https:\/\/dionisio.pt\/es\/tramagal-fabrica-da-mitsubishi-inicia-producao-da-nova-fuso-canter\/#webpage\",\"url\":\"https:\/\/dionisio.pt\/es\/tramagal-fabrica-da-mitsubishi-inicia-producao-da-nova-fuso-canter\/\",\"name\":\"TRAMAGAL | INICIA LA PRODUCCI\u00d3N DEL NUEVO FUSO CANTER - Dion\u00edsio Carreiro de Almeida, Lda\",\"isPartOf\":{\"@id\":\"https:\/\/dionisio.pt\/#website\"},\"primaryImageOfPage\":{\"@id\":\"https:\/\/dionisio.pt\/es\/tramagal-fabrica-da-mitsubishi-inicia-producao-da-nova-fuso-canter\/#primaryimage\"},\"datePublished\":\"2021-12-09T15:48:24+00:00\",\"dateModified\":\"2021-12-13T15:01:03+00:00\",\"author\":{\"@id\":\"https:\/\/dionisio.pt\/#\/schema\/person\/b8f17b498c31abdf5ac1834d6e4de9a0\"},\"breadcrumb\":{\"@id\":\"https:\/\/dionisio.pt\/es\/tramagal-fabrica-da-mitsubishi-inicia-producao-da-nova-fuso-canter\/#breadcrumb\"},\"inLanguage\":\"es\",\"potentialAction\":[{\"@type\":\"ReadAction\",\"target\":[\"https:\/\/dionisio.pt\/es\/tramagal-fabrica-da-mitsubishi-inicia-producao-da-nova-fuso-canter\/\"]}]},{\"@type\":\"BreadcrumbList\",\"@id\":\"https:\/\/dionisio.pt\/es\/tramagal-fabrica-da-mitsubishi-inicia-producao-da-nova-fuso-canter\/#breadcrumb\",\"itemListElement\":[{\"@type\":\"ListItem\",\"position\":1,\"name\":\"TRAMAGAL | INICIA LA PRODUCCI\u00d3N DEL NUEVO FUSO CANTER\"}]},{\"@type\":\"Person\",\"@id\":\"https:\/\/dionisio.pt\/#\/schema\/person\/b8f17b498c31abdf5ac1834d6e4de9a0\",\"name\":\"Marketing\",\"image\":{\"@type\":\"ImageObject\",\"inLanguage\":\"es\",\"@id\":\"https:\/\/dionisio.pt\/#\/schema\/person\/image\/\",\"url\":\"https:\/\/secure.gravatar.com\/avatar\/05e3eec7a448d547452c54d5306670310660fc198abf3dfb1ebdfdbf1fb3e55d?s=96&d=mm&r=g\",\"contentUrl\":\"https:\/\/secure.gravatar.com\/avatar\/05e3eec7a448d547452c54d5306670310660fc198abf3dfb1ebdfdbf1fb3e55d?s=96&d=mm&r=g\",\"caption\":\"Marketing\"},\"url\":\"https:\/\/dionisio.pt\/es\/author\/user\/\"}]}<\/script>\n<!-- \/ Yoast SEO plugin. -->","yoast_head_json":{"title":"TRAMAGAL | INICIA LA PRODUCCI\u00d3N DEL NUEVO FUSO CANTER - Dion\u00edsio Carreiro de Almeida, Lda","robots":{"index":"index","follow":"follow","max-snippet":"max-snippet:-1","max-image-preview":"max-image-preview:large","max-video-preview":"max-video-preview:-1"},"canonical":"https:\/\/dionisio.pt\/es\/tramagal-fabrica-da-mitsubishi-inicia-producao-da-nova-fuso-canter\/","og_locale":"es_ES","og_type":"article","og_title":"TRAMAGAL | INICIA LA PRODUCCI\u00d3N DEL NUEVO FUSO CANTER - Dion\u00edsio Carreiro de Almeida, Lda","og_description":"La f\u00e1brica de Mitsubishi Fuso en Portugal, ubicada en Tramagal (Abrantes) y el centro de producci\u00f3n para Europa, fue elegida para producir el nuevo modelo del cami\u00f3n Fuso Canter...","og_url":"https:\/\/dionisio.pt\/es\/tramagal-fabrica-da-mitsubishi-inicia-producao-da-nova-fuso-canter\/","og_site_name":"Dion\u00edsio Carreiro de Almeida, Lda","article_published_time":"2021-12-09T15:48:24+00:00","article_modified_time":"2021-12-13T15:01:03+00:00","og_image":[{"width":747,"height":498,"url":"https:\/\/dionisio.pt\/wp-content\/uploads\/2021\/12\/fuso.jpg","type":"image\/jpeg"}],"author":"Marketing","twitter_card":"summary_large_image","twitter_misc":{"Escrito por":"Marketing","Tiempo de lectura":"3 minutos"},"schema":{"@context":"https:\/\/schema.org","@graph":[{"@type":"WebSite","@id":"https:\/\/dionisio.pt\/#website","url":"https:\/\/dionisio.pt\/","name":"Dion\u00edsio Carreiro de Almeida, Lda","description":"Com\u00e9rcio de viaturas novas e usadas em S\u00e3o Miguel, A\u00e7ores","potentialAction":[{"@type":"SearchAction","target":{"@type":"EntryPoint","urlTemplate":"https:\/\/dionisio.pt\/?s={search_term_string}"},"query-input":"required name=search_term_string"}],"inLanguage":"es"},{"@type":"ImageObject","inLanguage":"es","@id":"https:\/\/dionisio.pt\/es\/tramagal-fabrica-da-mitsubishi-inicia-producao-da-nova-fuso-canter\/#primaryimage","url":"https:\/\/dionisio.pt\/wp-content\/uploads\/2021\/12\/fuso.jpg","contentUrl":"https:\/\/dionisio.pt\/wp-content\/uploads\/2021\/12\/fuso.jpg","width":747,"height":498},{"@type":"WebPage","@id":"https:\/\/dionisio.pt\/es\/tramagal-fabrica-da-mitsubishi-inicia-producao-da-nova-fuso-canter\/#webpage","url":"https:\/\/dionisio.pt\/es\/tramagal-fabrica-da-mitsubishi-inicia-producao-da-nova-fuso-canter\/","name":"TRAMAGAL | INICIA LA PRODUCCI\u00d3N DEL NUEVO FUSO CANTER - Dion\u00edsio Carreiro de Almeida, Lda","isPartOf":{"@id":"https:\/\/dionisio.pt\/#website"},"primaryImageOfPage":{"@id":"https:\/\/dionisio.pt\/es\/tramagal-fabrica-da-mitsubishi-inicia-producao-da-nova-fuso-canter\/#primaryimage"},"datePublished":"2021-12-09T15:48:24+00:00","dateModified":"2021-12-13T15:01:03+00:00","author":{"@id":"https:\/\/dionisio.pt\/#\/schema\/person\/b8f17b498c31abdf5ac1834d6e4de9a0"},"breadcrumb":{"@id":"https:\/\/dionisio.pt\/es\/tramagal-fabrica-da-mitsubishi-inicia-producao-da-nova-fuso-canter\/#breadcrumb"},"inLanguage":"es","potentialAction":[{"@type":"ReadAction","target":["https:\/\/dionisio.pt\/es\/tramagal-fabrica-da-mitsubishi-inicia-producao-da-nova-fuso-canter\/"]}]},{"@type":"BreadcrumbList","@id":"https:\/\/dionisio.pt\/es\/tramagal-fabrica-da-mitsubishi-inicia-producao-da-nova-fuso-canter\/#breadcrumb","itemListElement":[{"@type":"ListItem","position":1,"name":"TRAMAGAL | INICIA LA PRODUCCI\u00d3N DEL NUEVO FUSO CANTER"}]},{"@type":"Person","@id":"https:\/\/dionisio.pt\/#\/schema\/person\/b8f17b498c31abdf5ac1834d6e4de9a0","name":"Marketing","image":{"@type":"ImageObject","inLanguage":"es","@id":"https:\/\/dionisio.pt\/#\/schema\/person\/image\/","url":"https:\/\/secure.gravatar.com\/avatar\/05e3eec7a448d547452c54d5306670310660fc198abf3dfb1ebdfdbf1fb3e55d?s=96&d=mm&r=g","contentUrl":"https:\/\/secure.gravatar.com\/avatar\/05e3eec7a448d547452c54d5306670310660fc198abf3dfb1ebdfdbf1fb3e55d?s=96&d=mm&r=g","caption":"Marketing"},"url":"https:\/\/dionisio.pt\/es\/author\/user\/"}]}},"_links":{"self":[{"href":"https:\/\/dionisio.pt\/es\/wp-json\/wp\/v2\/posts\/3961","targetHints":{"allow":["GET"]}}],"collection":[{"href":"https:\/\/dionisio.pt\/es\/wp-json\/wp\/v2\/posts"}],"about":[{"href":"https:\/\/dionisio.pt\/es\/wp-json\/wp\/v2\/types\/post"}],"author":[{"embeddable":true,"href":"https:\/\/dionisio.pt\/es\/wp-json\/wp\/v2\/users\/2"}],"replies":[{"embeddable":true,"href":"https:\/\/dionisio.pt\/es\/wp-json\/wp\/v2\/comments?post=3961"}],"version-history":[{"count":4,"href":"https:\/\/dionisio.pt\/es\/wp-json\/wp\/v2\/posts\/3961\/revisions"}],"predecessor-version":[{"id":3965,"href":"https:\/\/dionisio.pt\/es\/wp-json\/wp\/v2\/posts\/3961\/revisions\/3965"}],"wp:featuredmedia":[{"embeddable":true,"href":"https:\/\/dionisio.pt\/es\/wp-json\/wp\/v2\/media\/3738"}],"wp:attachment":[{"href":"https:\/\/dionisio.pt\/es\/wp-json\/wp\/v2\/media?parent=3961"}],"wp:term":[{"taxonomy":"category","embeddable":true,"href":"https:\/\/dionisio.pt\/es\/wp-json\/wp\/v2\/categories?post=3961"},{"taxonomy":"post_tag","embeddable":true,"href":"https:\/\/dionisio.pt\/es\/wp-json\/wp\/v2\/tags?post=3961"}],"curies":[{"name":"wp","href":"https:\/\/api.w.org\/{rel}","templated":true}]}}